{"id":1294,"date":"2023-04-18T13:09:53","date_gmt":"2023-04-18T11:09:53","guid":{"rendered":"https:\/\/bankizywnosci.pl\/ratujemy-zywnosc\/?p=1294"},"modified":"2023-04-19T14:19:45","modified_gmt":"2023-04-19T12:19:45","slug":"konferencja-podsumownie","status":"publish","type":"post","link":"https:\/\/bankizywnosci.pl\/ratujemy-zywnosc\/konferencja-podsumownie\/","title":{"rendered":"Konferencja [podsumowanie]"},"content":{"rendered":"\n<p class=\"wp-block-paragraph\">Konferencja&nbsp;<strong>&nbsp;\u201eZnaczenie pomocy \u017cywno\u015bciowej w Polsce\u201d<\/strong> kt\u00f3ra odby\u0142a si\u0119&nbsp;<strong>w<\/strong>&nbsp;<strong>czwartek 13 kwietnia 2023 w godzinach 10.30-12.30 on-line<\/strong> zgromadzi\u0142a 419 uczestnik\u00f3w. W tym: osoby z organizacja samorz\u0105dowych (UM, GOPS, OPS, GOPS), organizacji pozarz\u0105dowych oraz przedstawicieli medi\u00f3w. <\/p>\n\n\n\n<figure class=\"wp-block-image size-large\"><img loading=\"lazy\" decoding=\"async\" width=\"1024\" height=\"683\" src=\"https:\/\/bankizywnosci.pl\/ratujemy-zywnosc\/wp-content\/uploads\/2023\/04\/konferencja-1024x683.png\" alt=\"\" class=\"wp-image-1273\" srcset=\"https:\/\/bankizywnosci.pl\/ratujemy-zywnosc\/wp-content\/uploads\/2023\/04\/konferencja-1024x683.png 1024w, https:\/\/bankizywnosci.pl\/ratujemy-zywnosc\/wp-content\/uploads\/2023\/04\/konferencja-300x200.png 300w, https:\/\/bankizywnosci.pl\/ratujemy-zywnosc\/wp-content\/uploads\/2023\/04\/konferencja-768x512.png 768w, https:\/\/bankizywnosci.pl\/ratujemy-zywnosc\/wp-content\/uploads\/2023\/04\/konferencja.png 1200w\" sizes=\"auto, (max-width: 1024px) 100vw, 1024px\" \/><\/figure>\n\n\n\n<p class=\"wp-block-paragraph\">Pierwsza cz\u0119\u015b\u0107 po\u015bwi\u0119cona by\u0142a pomocy \u017cywno\u015bciowej podczas kryzysu wywo\u0142anego pandemi\u0105 COV oraz wojn\u0105 na Ukrainie. Rozpocz\u0119li\u015bmy podsumowaniem dzia\u0142a\u0144 pomocowych Bank\u00f3w \u017bywno\u015bci w ci\u0105gu roku konfliktu zbrojnego na Ukrainie. Pierwszym go\u015bciem by\u0142 prezesa Stowarzyszenia &#8222;Pro Ukraina&#8221; kt\u00f3ry przedstawi\u0142 jakie s\u0105 potrzeby os\u00f3b dotkni\u0119tych konfliktem zbrojnym na Ukrainie. Nast\u0119pnie rozpocz\u0119li\u015bmy rozmow\u0119 na temat zmiany w funkcjonowaniu pomocy \u017cywno\u015bciowej podczas kt\u00f3rej go\u015bcili\u015bmy zast\u0119pczyni burmistrza dzielnicy Bia\u0142o\u0142\u0119ka m. st. Warszawy, prezesk\u0119 Banku \u017bywno\u015bci w Ciechanowie oraz przedstawicielk\u0119 Polskiego Stowarzyszenia Diabetyk\u00f3w Ko\u0142o Miejsko &#8211; Powiatowe w Olsztynku.<\/p>\n\n\n\n<figure class=\"wp-block-gallery has-nested-images columns-default is-cropped wp-block-gallery-1 is-layout-flex wp-block-gallery-is-layout-flex\">\n<figure class=\"wp-block-image size-large\"><img loading=\"lazy\" decoding=\"async\" width=\"1013\" height=\"528\" data-id=\"1298\" src=\"https:\/\/bankizywnosci.pl\/ratujemy-zywnosc\/wp-content\/uploads\/2023\/04\/konferncja4.png\" alt=\"\" class=\"wp-image-1298\" srcset=\"https:\/\/bankizywnosci.pl\/ratujemy-zywnosc\/wp-content\/uploads\/2023\/04\/konferncja4.png 1013w, https:\/\/bankizywnosci.pl\/ratujemy-zywnosc\/wp-content\/uploads\/2023\/04\/konferncja4-300x156.png 300w, https:\/\/bankizywnosci.pl\/ratujemy-zywnosc\/wp-content\/uploads\/2023\/04\/konferncja4-768x400.png 768w\" sizes=\"auto, (max-width: 1013px) 100vw, 1013px\" \/><\/figure>\n\n\n\n<figure class=\"wp-block-image size-large\"><img loading=\"lazy\" decoding=\"async\" width=\"1024\" height=\"545\" data-id=\"1297\" src=\"https:\/\/bankizywnosci.pl\/ratujemy-zywnosc\/wp-content\/uploads\/2023\/04\/konferencja11-1024x545.png\" alt=\"\" class=\"wp-image-1297\" srcset=\"https:\/\/bankizywnosci.pl\/ratujemy-zywnosc\/wp-content\/uploads\/2023\/04\/konferencja11-1024x545.png 1024w, https:\/\/bankizywnosci.pl\/ratujemy-zywnosc\/wp-content\/uploads\/2023\/04\/konferencja11-300x160.png 300w, https:\/\/bankizywnosci.pl\/ratujemy-zywnosc\/wp-content\/uploads\/2023\/04\/konferencja11-768x409.png 768w, https:\/\/bankizywnosci.pl\/ratujemy-zywnosc\/wp-content\/uploads\/2023\/04\/konferencja11.png 1028w\" sizes=\"auto, (max-width: 1024px) 100vw, 1024px\" \/><\/figure>\n\n\n\n<figure class=\"wp-block-image size-large\"><img loading=\"lazy\" decoding=\"async\" width=\"1013\" height=\"535\" data-id=\"1296\" src=\"https:\/\/bankizywnosci.pl\/ratujemy-zywnosc\/wp-content\/uploads\/2023\/04\/konferencja5.png\" alt=\"\" class=\"wp-image-1296\" srcset=\"https:\/\/bankizywnosci.pl\/ratujemy-zywnosc\/wp-content\/uploads\/2023\/04\/konferencja5.png 1013w, https:\/\/bankizywnosci.pl\/ratujemy-zywnosc\/wp-content\/uploads\/2023\/04\/konferencja5-300x158.png 300w, https:\/\/bankizywnosci.pl\/ratujemy-zywnosc\/wp-content\/uploads\/2023\/04\/konferencja5-768x406.png 768w\" sizes=\"auto, (max-width: 1013px) 100vw, 1013px\" \/><\/figure>\n<\/figure>\n\n\n\n<p class=\"wp-block-paragraph\">Kolejnym tematem by\u0142o w\u0142\u0105czenie spo\u0142eczne za pomoc\u0105 \u017cywno\u015bci. Edukatorka z Banku \u017bywno\u015bci w Ciechanowie&nbsp;przedstawi\u0142a swoje do\u015bwiadczenie warsztatowe oraz indywidualnych konsultacji, kt\u00f3re prowadz\u0105 do widocznych zmian w funkcjonowaniu podopiecznych. Za\u0142o\u017cyciel i prezes stowarzyszenia Mayday z Krakowa wraz ze swoj\u0105 podopieczn\u0105 Mari\u0105 to by\u0142 przyk\u0142ad w\u0142\u0105czenia przez wolontariat. <\/p>\n\n\n\n<figure class=\"wp-block-image size-large\"><img loading=\"lazy\" decoding=\"async\" width=\"1024\" height=\"491\" src=\"https:\/\/bankizywnosci.pl\/ratujemy-zywnosc\/wp-content\/uploads\/2023\/04\/konferencja12-1024x491.png\" alt=\"\" class=\"wp-image-1299\" srcset=\"https:\/\/bankizywnosci.pl\/ratujemy-zywnosc\/wp-content\/uploads\/2023\/04\/konferencja12-1024x491.png 1024w, https:\/\/bankizywnosci.pl\/ratujemy-zywnosc\/wp-content\/uploads\/2023\/04\/konferencja12-300x144.png 300w, https:\/\/bankizywnosci.pl\/ratujemy-zywnosc\/wp-content\/uploads\/2023\/04\/konferencja12-768x368.png 768w, https:\/\/bankizywnosci.pl\/ratujemy-zywnosc\/wp-content\/uploads\/2023\/04\/konferencja12.png 1141w\" sizes=\"auto, (max-width: 1024px) 100vw, 1024px\" \/><\/figure>\n\n\n\n<p class=\"wp-block-paragraph\">Po kr\u00f3tkiej przerwie w II cz\u0119\u015bci Konferencji zacz\u0119li\u015bmy wyst\u0105pieniem prezes Federacji Polskich Bank\u00f3w \u017bywno\u015bci podsumowuj\u0105cym 25 lat dzia\u0142alno\u015bci Bank\u00f3w \u017bywno\u015bci, kt\u00f3re w sieci 31 organizacji dzia\u0142aj\u0105 na terenie naszego kraju. <\/p>\n\n\n\n<figure class=\"wp-block-gallery has-nested-images columns-default wp-block-gallery-2 is-layout-flex wp-block-gallery-is-layout-flex\">\n<figure class=\"wp-block-image size-large\"><img loading=\"lazy\" decoding=\"async\" width=\"1024\" height=\"768\" data-id=\"1315\" src=\"https:\/\/bankizywnosci.pl\/ratujemy-zywnosc\/wp-content\/uploads\/2023\/04\/skecznotka-25-lat-bankow-1024x768.png\" alt=\"\" class=\"wp-image-1315\" srcset=\"https:\/\/bankizywnosci.pl\/ratujemy-zywnosc\/wp-content\/uploads\/2023\/04\/skecznotka-25-lat-bankow-1024x768.png 1024w, https:\/\/bankizywnosci.pl\/ratujemy-zywnosc\/wp-content\/uploads\/2023\/04\/skecznotka-25-lat-bankow-300x225.png 300w, https:\/\/bankizywnosci.pl\/ratujemy-zywnosc\/wp-content\/uploads\/2023\/04\/skecznotka-25-lat-bankow-768x576.png 768w, https:\/\/bankizywnosci.pl\/ratujemy-zywnosc\/wp-content\/uploads\/2023\/04\/skecznotka-25-lat-bankow-1536x1151.png 1536w, https:\/\/bankizywnosci.pl\/ratujemy-zywnosc\/wp-content\/uploads\/2023\/04\/skecznotka-25-lat-bankow-2048x1535.png 2048w\" sizes=\"auto, (max-width: 1024px) 100vw, 1024px\" \/><\/figure>\n<\/figure>\n\n\n\n<figure class=\"wp-block-gallery has-nested-images columns-default is-cropped wp-block-gallery-3 is-layout-flex wp-block-gallery-is-layout-flex\"><div class=\"wp-block-image\">\n<figure class=\"alignleft size-large\"><img loading=\"lazy\" decoding=\"async\" width=\"982\" height=\"477\" data-id=\"1314\" src=\"https:\/\/bankizywnosci.pl\/ratujemy-zywnosc\/wp-content\/uploads\/2023\/04\/konferencja10-2.png\" alt=\"\" class=\"wp-image-1314\" srcset=\"https:\/\/bankizywnosci.pl\/ratujemy-zywnosc\/wp-content\/uploads\/2023\/04\/konferencja10-2.png 982w, https:\/\/bankizywnosci.pl\/ratujemy-zywnosc\/wp-content\/uploads\/2023\/04\/konferencja10-2-300x146.png 300w, https:\/\/bankizywnosci.pl\/ratujemy-zywnosc\/wp-content\/uploads\/2023\/04\/konferencja10-2-768x373.png 768w\" sizes=\"auto, (max-width: 982px) 100vw, 982px\" \/><\/figure>\n<\/div><\/figure>\n\n\n\n<figure class=\"wp-block-embed is-type-video is-provider-youtube wp-block-embed-youtube wp-embed-aspect-16-9 wp-has-aspect-ratio\"><div class=\"wp-block-embed__wrapper\">\n<iframe loading=\"lazy\" title=\"Znaczenie pomocy \u017cywno\u015bciowej w Polsce - konferencja | Pola Aktywno\u015bci\" width=\"500\" height=\"281\" src=\"https:\/\/www.youtube.com\/embed\/5N597pnEgAo?feature=oembed\" frameborder=\"0\" allow=\"accelerometer; autoplay; clipboard-write; encrypted-media; gyroscope; picture-in-picture; web-share\" referrerpolicy=\"strict-origin-when-cross-origin\" allowfullscreen><\/iframe>\n<\/div><\/figure>\n\n\n\n<p class=\"wp-block-paragraph\">Zako\u0144czyli\u015bmy prezentacj\u0105 przedstawiaj\u0105c\u0105 dzia\u0142ania w Projekcie \u201ePola Aktywno\u015bci \u2013 wsparcie organizacji pomocowych ratuj\u0105cych \u017cywno\u015b\u0107\u201d.<\/p>\n\n\n\n<p class=\"wp-block-paragraph\"><\/p>\n\n\n\n<p class=\"wp-block-paragraph\">Link do zalogowania:&nbsp;<a href=\"https:\/\/polaaktywnosci.pl\/\" target=\"_blank\" rel=\"noreferrer noopener\">Ratowanie \u017cywno\u015bci \u2013 Konferencja &#8222;Znaczenie pomocy \u017cywno\u015bciowej w Polsce&#8221; (polaaktywnosci.pl)<\/a><\/p>\n\n\n\n<p class=\"wp-block-paragraph\">&#8212;&#8212;&#8212;&#8212;&#8212;&#8212;&#8212;&#8212;&#8212;&#8212;&#8212;&#8212;&#8212;&#8212;&#8212;&#8212;-<\/p>\n\n\n\n<p class=\"wp-block-paragraph\">Konferencja odbywa si\u0119 w ramach projektu \u201ePola Aktywno\u015bci \u2013 wsparcie organizacji pomocowych ratuj\u0105cych \u017cywno\u015b\u0107\u201d<\/p>\n\n\n\n<p class=\"wp-block-paragraph\">Projekt realizowany z dotacji programu Aktywni Obywatele \u2013 Fundusz Krajowy finansowanego przez Islandi\u0119, Liechtenstein i Norwegi\u0119 w ramach Funduszy EOG<\/p>\n","protected":false},"excerpt":{"rendered":"<p>Konferencja&nbsp;&nbsp;\u201eZnaczenie pomocy \u017cywno\u015bciowej w Polsce\u201d kt\u00f3ra odby\u0142a si\u0119&nbsp;w&nbsp;czwartek 13 kwietnia 2023 w godzinach 10.30-12.30 on-line zgromadzi\u0142a 419 uczestnik\u00f3w. W tym: osoby z organizacja samorz\u0105dowych (UM, GOPS, OPS, GOPS), organizacji pozarz\u0105dowych oraz przedstawicieli medi\u00f3w. Pierwsza cz\u0119\u015b\u0107 po\u015bwi\u0119cona&#8230; <a class=\"more\" href=\"https:\/\/bankizywnosci.pl\/ratujemy-zywnosc\/konferencja-podsumownie\/\"> Wi\u0119cej &rarr;<\/a><\/p>\n","protected":false},"author":6,"featured_media":1273,"comment_status":"open","ping_status":"open","sticky":true,"template":"","format":"standard","meta":{"_acf_changed":false,"_uag_custom_page_level_css":"","footnotes":""},"categories":[1],"tags":[],"class_list":["post-1294","post","type-post","status-publish","format-standard","has-post-thumbnail","hentry","category-aktualnosci"],"acf":[],"aioseo_notices":[],"uagb_featured_image_src":{"full":["https:\/\/bankizywnosci.pl\/ratujemy-zywnosc\/wp-content\/uploads\/2023\/04\/konferencja.png",1200,800,false],"thumbnail":["https:\/\/bankizywnosci.pl\/ratujemy-zywnosc\/wp-content\/uploads\/2023\/04\/konferencja-150x150.png",150,150,true],"medium":["https:\/\/bankizywnosci.pl\/ratujemy-zywnosc\/wp-content\/uploads\/2023\/04\/konferencja-300x200.png",300,200,true],"medium_large":["https:\/\/bankizywnosci.pl\/ratujemy-zywnosc\/wp-content\/uploads\/2023\/04\/konferencja-768x512.png",768,512,true],"large":["https:\/\/bankizywnosci.pl\/ratujemy-zywnosc\/wp-content\/uploads\/2023\/04\/konferencja-1024x683.png",1024,683,true],"1536x1536":["https:\/\/bankizywnosci.pl\/ratujemy-zywnosc\/wp-content\/uploads\/2023\/04\/konferencja.png",1200,800,false],"2048x2048":["https:\/\/bankizywnosci.pl\/ratujemy-zywnosc\/wp-content\/uploads\/2023\/04\/konferencja.png",1200,800,false],"post-thumbnail":["https:\/\/bankizywnosci.pl\/ratujemy-zywnosc\/wp-content\/uploads\/2023\/04\/konferencja-250x180.png",250,180,true],"article":["https:\/\/bankizywnosci.pl\/ratujemy-zywnosc\/wp-content\/uploads\/2023\/04\/konferencja-400x280.png",400,280,true]},"uagb_author_info":{"display_name":"Ewelina","author_link":"https:\/\/bankizywnosci.pl\/ratujemy-zywnosc\/author\/ewelina-rzepczak-zacharekbankizywnosci-pl\/"},"uagb_comment_info":215,"uagb_excerpt":"Konferencja&nbsp;&nbsp;\u201eZnaczenie pomocy \u017cywno\u015bciowej w Polsce\u201d kt\u00f3ra odby\u0142a si\u0119&nbsp;w&nbsp;czwartek 13 kwietnia 2023 w godzinach 10.30-12.30 on-line zgromadzi\u0142a 419 uczestnik\u00f3w. W tym: osoby z organizacja samorz\u0105dowych (UM, GOPS, OPS, GOPS), organizacji pozarz\u0105dowych oraz przedstawicieli medi\u00f3w. Pierwsza cz\u0119\u015b\u0107 po\u015bwi\u0119cona... Wi\u0119cej &rarr;","_links":{"self":[{"href":"https:\/\/bankizywnosci.pl\/ratujemy-zywnosc\/wp-json\/wp\/v2\/posts\/1294","targetHints":{"allow":["GET"]}}],"collection":[{"href":"https:\/\/bankizywnosci.pl\/ratujemy-zywnosc\/wp-json\/wp\/v2\/posts"}],"about":[{"href":"https:\/\/bankizywnosci.pl\/ratujemy-zywnosc\/wp-json\/wp\/v2\/types\/post"}],"author":[{"embeddable":true,"href":"https:\/\/bankizywnosci.pl\/ratujemy-zywnosc\/wp-json\/wp\/v2\/users\/6"}],"replies":[{"embeddable":true,"href":"https:\/\/bankizywnosci.pl\/ratujemy-zywnosc\/wp-json\/wp\/v2\/comments?post=1294"}],"version-history":[{"count":3,"href":"https:\/\/bankizywnosci.pl\/ratujemy-zywnosc\/wp-json\/wp\/v2\/posts\/1294\/revisions"}],"predecessor-version":[{"id":1363,"href":"https:\/\/bankizywnosci.pl\/ratujemy-zywnosc\/wp-json\/wp\/v2\/posts\/1294\/revisions\/1363"}],"wp:featuredmedia":[{"embeddable":true,"href":"https:\/\/bankizywnosci.pl\/ratujemy-zywnosc\/wp-json\/wp\/v2\/media\/1273"}],"wp:attachment":[{"href":"https:\/\/bankizywnosci.pl\/ratujemy-zywnosc\/wp-json\/wp\/v2\/media?parent=1294"}],"wp:term":[{"taxonomy":"category","embeddable":true,"href":"https:\/\/bankizywnosci.pl\/ratujemy-zywnosc\/wp-json\/wp\/v2\/categories?post=1294"},{"taxonomy":"post_tag","embeddable":true,"href":"https:\/\/bankizywnosci.pl\/ratujemy-zywnosc\/wp-json\/wp\/v2\/tags?post=1294"}],"curies":[{"name":"wp","href":"https:\/\/api.w.org\/{rel}","templated":true}]}}